{"id":31,"date":"2017-05-12T16:08:51","date_gmt":"2017-05-12T22:08:51","guid":{"rendered":"http:\/\/malla-raschel.net\/?p=31"},"modified":"2017-06-08T16:18:33","modified_gmt":"2017-06-08T22:18:33","slug":"mi-experiencia-usando-malla-sombra","status":"publish","type":"post","link":"https:\/\/malla-raschel.net\/index.php\/2017\/05\/12\/mi-experiencia-usando-malla-sombra\/","title":{"rendered":"Malla-sombra: mi experiencia utiliz\u00e1ndola en clima caluroso."},"content":{"rendered":"<p>Hola, soy Oswaldo Cigarroa, soy agricultor de tradici\u00f3n, puesto que mi padre y mi abuelo practicaron este oficio desde su juventud. Me gustar\u00eda hablar de mi experiencia utilizando<strong> malla-sombra (tambi\u00e9n llamada &#8220;rachel&#8221; &#8220;raschel&#8221;)<\/strong>.<br \/>\nMis cultivos est\u00e1n ubicados en el municipio de <a href=\"https:\/\/es.wikipedia.org\/wiki\/Arriaga_(Chiapas)\" target=\"_blank\" rel=\"noopener noreferrer\">Arriaga Chiapas<\/a>, M\u00e9xico. Y se trata principalmente de plantas que necesitan no solo una <a href=\"http:\/\/tutorado.net\/\" target=\"_blank\" rel=\"noopener noreferrer\">base<\/a>, sino protecci\u00f3n extra por el clima en el que vivo.<\/p>\n<p>Me especialic\u00e9 en la sand\u00eda, el pepino y la calabacita, plantas de mata que generalmente crecen a ras de suelo. Obviamente les doy una ayuda adicional, ya sea con algunas estacas, cables, <strong>malla espaldera<\/strong> y <a href=\"http:\/\/anillo-tutoreo.com\/\" target=\"_blank\" rel=\"noopener noreferrer\">anillo tutor<\/a>. Opciones f\u00e1ciles de instalar y conseguir con <a href=\"https:\/\/www.hortomallas.com\/clip-tomate-pepino-hortoclips\/\" target=\"_blank\" rel=\"noopener noreferrer\">ciertos proveedores<\/a>.<\/p>\n<figure id=\"attachment_41\" aria-describedby=\"caption-attachment-41\" style=\"width: 300px\" class=\"wp-caption alignnone\"><img loading=\"lazy\" decoding=\"async\" class=\"size-medium wp-image-41\" src=\"http:\/\/malla-raschel.net\/wp-content\/uploads\/2017\/05\/Cultivo-amplio-protegidocon-raschel-300x187.jpg\" alt=\"Malla-sombra protegiendo cultivo\" width=\"300\" height=\"187\" srcset=\"https:\/\/malla-raschel.net\/wp-content\/uploads\/2017\/05\/Cultivo-amplio-protegidocon-raschel-300x187.jpg 300w, https:\/\/malla-raschel.net\/wp-content\/uploads\/2017\/05\/Cultivo-amplio-protegidocon-raschel.jpg 588w\" sizes=\"auto, (max-width: 300px) 100vw, 300px\" \/><figcaption id=\"caption-attachment-41\" class=\"wp-caption-text\">El cultivo que cubr\u00ed con malla-sombra creci\u00f3 sin perder tanta humedad.<\/figcaption><\/figure>\n<p>&nbsp;<\/p>\n<p>Debido al clima de mi zona en la que vivo (caluroso, h\u00famedo y de vez en cuando con viento proveniente de <a href=\"https:\/\/en.wikipedia.org\/wiki\/Istmo_de_Tehuantepec\" target=\"_blank\" rel=\"noopener noreferrer\">la costa<\/a>) el riego no es un problema como ser\u00eda com\u00fanmente en zonas m\u00e1s secas. Pero existen dos factores que por el tipo de cultivo y por el clima ME AFECTAN. Lo primero es el calor excesivo de la regi\u00f3n, proveniente de la luz solar. El segundo factor son las r\u00e1fagas de viento que vienen de la costa que muchas veces pueden afectar a los frutos m\u00e1s maduros. Todo esto me evit\u00f3 durante mucho tiempo el aprovechar mis recursos. El suelo aunque f\u00e9rtil, no era apto para todas las semillas.<\/p>\n<h3>Lo que intent\u00e9:<\/h3>\n<p>Busqu\u00e9 bastantes alternativas para solucionar los principales factores ambientales que afectaban a mi cultivo. No puedo negar que intent\u00e9 bastantes \u201csoluciones\u201d \u00a0en las que gast\u00e9 demasiado. Adem\u00e1s de que el rendimiento del <a href=\"https:\/\/es.wikipedia.org\/wiki\/Humedad\" target=\"_blank\" rel=\"noopener noreferrer\">agua<\/a> no aumentaba, pues casi toda se evaporaba&#8230; Qued\u00e9 bastante esc\u00e9ptico y casi me rindo. Pero d\u00ed en el clavo cuando contact\u00e9 a la empresa HORTOMALLAS. Ellos me ofrecieron una soluci\u00f3n bastante pr\u00e1ctica: la malla-sombra.<\/p>\n<figure id=\"attachment_43\" aria-describedby=\"caption-attachment-43\" style=\"width: 300px\" class=\"wp-caption alignnone\"><img loading=\"lazy\" decoding=\"async\" class=\"size-medium wp-image-43\" src=\"http:\/\/malla-raschel.net\/wp-content\/uploads\/2017\/05\/La-primera-vez-que-us\u00e9-malla-raschel-300x187.jpg\" alt=\"Cultivo peque\u00f1o\" width=\"300\" height=\"187\" srcset=\"https:\/\/malla-raschel.net\/wp-content\/uploads\/2017\/05\/La-primera-vez-que-us\u00e9-malla-raschel-300x187.jpg 300w, https:\/\/malla-raschel.net\/wp-content\/uploads\/2017\/05\/La-primera-vez-que-us\u00e9-malla-raschel.jpg 588w\" sizes=\"auto, (max-width: 300px) 100vw, 300px\" \/><figcaption id=\"caption-attachment-43\" class=\"wp-caption-text\">Mi peque\u00f1a \u00e1rea de pruebas.<\/figcaption><\/figure>\n<p>&nbsp;<\/p>\n<p>Primero que nada, yo estaba indeciso en cuanto al uso de este tipo de productos, pero al hacer la compra para una peque\u00f1a \u00e1rea de prueba de tan solo 30&#215;40 m, not\u00e9 una mejor\u00eda enorme. Desde los primeros d\u00edas not\u00e9 como la merma del sol dej\u00f3 de afectar a mi cultivo. La media sombra que proporcionaba conserv\u00f3 la humedad muy bien. La instalaci\u00f3n de malla-sombra fue muy efectiva en cuanto a este punto. Adem\u00e1s de que no lo mencion\u00e9, pero la instalaci\u00f3n fue facil\u00edsima.\u00a0 Y la <a href=\"https:\/\/es.wikipedia.org\/wiki\/Corrosi%C3%B3n\" target=\"_blank\" rel=\"noopener noreferrer\">corrosi\u00f3n<\/a> para mi no ha sido un problema. La malla-sombra al ser de material pl\u00e1stico, resisti\u00f3 perfectamente la humedad coste\u00f1a.<\/p>\n<figure id=\"attachment_42\" aria-describedby=\"caption-attachment-42\" style=\"width: 300px\" class=\"wp-caption alignnone\"><img loading=\"lazy\" decoding=\"async\" class=\"size-medium wp-image-42\" src=\"http:\/\/malla-raschel.net\/wp-content\/uploads\/2017\/05\/Cultivo-con-malla-raschel-300x187.jpg\" alt=\"Cultivo con plantas peque\u00f1as.\" width=\"300\" height=\"187\" srcset=\"https:\/\/malla-raschel.net\/wp-content\/uploads\/2017\/05\/Cultivo-con-malla-raschel-300x187.jpg 300w, https:\/\/malla-raschel.net\/wp-content\/uploads\/2017\/05\/Cultivo-con-malla-raschel.jpg 588w\" sizes=\"auto, (max-width: 300px) 100vw, 300px\" \/><figcaption id=\"caption-attachment-42\" class=\"wp-caption-text\">Esta es otra \u00e1rea de mis cultivos cubiertos con malla raschel.<\/figcaption><\/figure>\n<p>&nbsp;<\/p>\n<h3>Lo que consegu\u00ed usando malla-sombra<\/h3>\n<p>Hoy en d\u00eda tengo muchos m\u00e1s cultivos protegidos con malla-sombra\u00a0Pude expandirme a otros m\u00e1s de los que pose\u00eda hace\u00a0 3 a\u00f1os. Me ha resultado un excelente m\u00e9todo para la siembra de especies m\u00e1s delicadas. Adem\u00e1s de que <a href=\"http:\/\/malla-anti-pajaros.com\/\" target=\"_blank\" rel=\"noopener noreferrer\">mantiene lejos a las aves<\/a> (las cotorras) y a insectos indeseables.<\/p>\n<p>Cabe mencionar que tambi\u00e9n la he instalado en mi patio. Realmente se trata de un material demasiado vers\u00e1til. Se ajusta muy bien a muchos usos en estos cielos tan calurosos que tenemos por esta parte de M\u00e9xico.<\/p>\n<figure id=\"attachment_52\" aria-describedby=\"caption-attachment-52\" style=\"width: 300px\" class=\"wp-caption alignnone\"><img loading=\"lazy\" decoding=\"async\" class=\"size-medium wp-image-52\" src=\"http:\/\/malla-raschel.net\/wp-content\/uploads\/2017\/05\/Malla-Raschel-300x157.png\" alt=\"Malla-sombra para exteriores dom\u00e9sticos.\" width=\"300\" height=\"157\" \/><figcaption id=\"caption-attachment-52\" class=\"wp-caption-text\">Ahora mi patio es m\u00e1s c\u00f3modo con el uso de malla-sombra<\/figcaption><\/figure>\n<p>&nbsp;<\/p>\n<p>&nbsp;<\/p>\n<p>Recomiendo mucho este producto, en mi experiencia personal, me sirvi\u00f3 much\u00edsimo y me permiti\u00f3 aprovechar muy bien los espacios. Ya no soy tan dependiente de las condiciones del ambiente pues adem\u00e1s de todo <strong>existen malla-sombra con diferente capacidad de transferencia lum\u00ednica.<\/strong><\/p>\n<figure id=\"attachment_12\" aria-describedby=\"caption-attachment-12\" style=\"width: 300px\" class=\"wp-caption alignnone\"><img loading=\"lazy\" decoding=\"async\" class=\"size-medium wp-image-12\" src=\"http:\/\/malla-raschel.net\/wp-content\/uploads\/2016\/09\/Malla-Raschel-35-300x236.jpg\" alt=\"Malla agr\u00edcola.\" width=\"300\" height=\"236\" srcset=\"https:\/\/malla-raschel.net\/wp-content\/uploads\/2016\/09\/Malla-Raschel-35-300x236.jpg 300w, https:\/\/malla-raschel.net\/wp-content\/uploads\/2016\/09\/Malla-Raschel-35.jpg 417w\" sizes=\"auto, (max-width: 300px) 100vw, 300px\" \/><figcaption id=\"caption-attachment-12\" class=\"wp-caption-text\">Malla raschel al 35%<\/figcaption><\/figure>\n<p>&nbsp;<\/p>\n<p>&nbsp;<\/p>\n<p>OBAAV<\/p>\n","protected":false},"excerpt":{"rendered":"<p>Hola, soy Oswaldo Cigarroa, soy agricultor de tradici\u00f3n, puesto que mi padre y mi abuelo practicaron este oficio desde su juventud. Me gustar\u00eda hablar de mi experiencia utilizando malla-sombra (tambi\u00e9n llamada &#8220;rachel&#8221; &#8220;raschel&#8221;). Mis cultivos est\u00e1n ubicados en el municipio de Arriaga Chiapas, M\u00e9xico. Y se trata principalmente de plantas que necesitan no solo una<\/p>\n<div class=\"more-link\">\n\t\t\t\t <a href=\"https:\/\/malla-raschel.net\/index.php\/2017\/05\/12\/mi-experiencia-usando-malla-sombra\/\" class=\"btn theme-btn inverted\"><span>Leer m\u00e1s <\/span><\/a>\n\t\t\t<\/div>\n","protected":false},"author":2,"featured_media":17,"comment_status":"open","ping_status":"open","sticky":false,"template":"","format":"standard","meta":{"footnotes":""},"categories":[2,3],"tags":[],"class_list":["post-31","post","type-post","status-publish","format-standard","has-post-thumbnail","hentry","category-malla-raschel","category-tejido-de-urdimbre"],"yoast_head":"<!-- This site is optimized with the Yoast SEO plugin v26.2 - https:\/\/yoast.com\/wordpress\/plugins\/seo\/ -->\n<title>Malla-sombra: mi experiencia utiliz\u00e1ndola en clima caluroso. - Malla Raschel<\/title>\n<meta name=\"description\" content=\"En este texto te cuento cual fue mi experiencia con la implementaci\u00f3n del uso de la malla-sombra en climas donde el sol es muy fuerte.\" \/>\n<meta name=\"robots\" content=\"index, follow, max-snippet:-1, max-image-preview:large, max-video-preview:-1\" \/>\n<link rel=\"canonical\" href=\"https:\/\/malla-raschel.net\/index.php\/2017\/05\/12\/mi-experiencia-usando-malla-sombra\/\" \/>\n<meta property=\"og:locale\" content=\"es_MX\" \/>\n<meta property=\"og:type\" content=\"article\" \/>\n<meta property=\"og:title\" content=\"Malla-sombra: mi experiencia utiliz\u00e1ndola en clima caluroso. - Malla Raschel\" \/>\n<meta property=\"og:description\" content=\"En este texto te cuento cual fue mi experiencia con la implementaci\u00f3n del uso de la malla-sombra en climas donde el sol es muy fuerte.\" \/>\n<meta property=\"og:url\" content=\"https:\/\/malla-raschel.net\/index.php\/2017\/05\/12\/mi-experiencia-usando-malla-sombra\/\" \/>\n<meta property=\"og:site_name\" content=\"Malla Raschel\" \/>\n<meta property=\"article:published_time\" content=\"2017-05-12T22:08:51+00:00\" \/>\n<meta property=\"article:modified_time\" content=\"2017-06-08T22:18:33+00:00\" \/>\n<meta property=\"og:image\" content=\"https:\/\/malla-raschel.net\/wp-content\/uploads\/2016\/09\/Malla-Raschel-50.jpg\" \/>\n\t<meta property=\"og:image:width\" content=\"337\" \/>\n\t<meta property=\"og:image:height\" content=\"242\" \/>\n\t<meta property=\"og:image:type\" content=\"image\/jpeg\" \/>\n<meta name=\"author\" content=\"editor\" \/>\n<meta name=\"twitter:card\" content=\"summary_large_image\" \/>\n<meta name=\"twitter:label1\" content=\"Escrito por\" \/>\n\t<meta name=\"twitter:data1\" content=\"editor\" \/>\n\t<meta name=\"twitter:label2\" content=\"Tiempo de lectura\" \/>\n\t<meta name=\"twitter:data2\" content=\"3 minutos\" \/>\n<script type=\"application\/ld+json\" class=\"yoast-schema-graph\">{\"@context\":\"https:\/\/schema.org\",\"@graph\":[{\"@type\":\"Article\",\"@id\":\"https:\/\/malla-raschel.net\/index.php\/2017\/05\/12\/mi-experiencia-usando-malla-sombra\/#article\",\"isPartOf\":{\"@id\":\"https:\/\/malla-raschel.net\/index.php\/2017\/05\/12\/mi-experiencia-usando-malla-sombra\/\"},\"author\":{\"name\":\"editor\",\"@id\":\"https:\/\/malla-raschel.net\/#\/schema\/person\/4d0011e3414d3e154862069c6b56e0f8\"},\"headline\":\"Malla-sombra: mi experiencia utiliz\u00e1ndola en clima caluroso.\",\"datePublished\":\"2017-05-12T22:08:51+00:00\",\"dateModified\":\"2017-06-08T22:18:33+00:00\",\"mainEntityOfPage\":{\"@id\":\"https:\/\/malla-raschel.net\/index.php\/2017\/05\/12\/mi-experiencia-usando-malla-sombra\/\"},\"wordCount\":669,\"commentCount\":0,\"publisher\":{\"@id\":\"https:\/\/malla-raschel.net\/#organization\"},\"image\":{\"@id\":\"https:\/\/malla-raschel.net\/index.php\/2017\/05\/12\/mi-experiencia-usando-malla-sombra\/#primaryimage\"},\"thumbnailUrl\":\"https:\/\/malla-raschel.net\/wp-content\/uploads\/2016\/09\/Malla-Raschel-50.jpg\",\"articleSection\":[\"malla raschel\",\"tejido de urdimbre\"],\"inLanguage\":\"es\",\"potentialAction\":[{\"@type\":\"CommentAction\",\"name\":\"Comment\",\"target\":[\"https:\/\/malla-raschel.net\/index.php\/2017\/05\/12\/mi-experiencia-usando-malla-sombra\/#respond\"]}]},{\"@type\":\"WebPage\",\"@id\":\"https:\/\/malla-raschel.net\/index.php\/2017\/05\/12\/mi-experiencia-usando-malla-sombra\/\",\"url\":\"https:\/\/malla-raschel.net\/index.php\/2017\/05\/12\/mi-experiencia-usando-malla-sombra\/\",\"name\":\"Malla-sombra: mi experiencia utiliz\u00e1ndola en clima caluroso. - Malla Raschel\",\"isPartOf\":{\"@id\":\"https:\/\/malla-raschel.net\/#website\"},\"primaryImageOfPage\":{\"@id\":\"https:\/\/malla-raschel.net\/index.php\/2017\/05\/12\/mi-experiencia-usando-malla-sombra\/#primaryimage\"},\"image\":{\"@id\":\"https:\/\/malla-raschel.net\/index.php\/2017\/05\/12\/mi-experiencia-usando-malla-sombra\/#primaryimage\"},\"thumbnailUrl\":\"https:\/\/malla-raschel.net\/wp-content\/uploads\/2016\/09\/Malla-Raschel-50.jpg\",\"datePublished\":\"2017-05-12T22:08:51+00:00\",\"dateModified\":\"2017-06-08T22:18:33+00:00\",\"description\":\"En este texto te cuento cual fue mi experiencia con la implementaci\u00f3n del uso de la malla-sombra en climas donde el sol es muy fuerte.\",\"breadcrumb\":{\"@id\":\"https:\/\/malla-raschel.net\/index.php\/2017\/05\/12\/mi-experiencia-usando-malla-sombra\/#breadcrumb\"},\"inLanguage\":\"es\",\"potentialAction\":[{\"@type\":\"ReadAction\",\"target\":[\"https:\/\/malla-raschel.net\/index.php\/2017\/05\/12\/mi-experiencia-usando-malla-sombra\/\"]}]},{\"@type\":\"ImageObject\",\"inLanguage\":\"es\",\"@id\":\"https:\/\/malla-raschel.net\/index.php\/2017\/05\/12\/mi-experiencia-usando-malla-sombra\/#primaryimage\",\"url\":\"https:\/\/malla-raschel.net\/wp-content\/uploads\/2016\/09\/Malla-Raschel-50.jpg\",\"contentUrl\":\"https:\/\/malla-raschel.net\/wp-content\/uploads\/2016\/09\/Malla-Raschel-50.jpg\",\"width\":337,\"height\":242,\"caption\":\"Malla raschel al 50%\"},{\"@type\":\"BreadcrumbList\",\"@id\":\"https:\/\/malla-raschel.net\/index.php\/2017\/05\/12\/mi-experiencia-usando-malla-sombra\/#breadcrumb\",\"itemListElement\":[{\"@type\":\"ListItem\",\"position\":1,\"name\":\"Inicio\",\"item\":\"https:\/\/malla-raschel.net\/\"},{\"@type\":\"ListItem\",\"position\":2,\"name\":\"Malla-sombra: mi experiencia utiliz\u00e1ndola en clima caluroso.\"}]},{\"@type\":\"WebSite\",\"@id\":\"https:\/\/malla-raschel.net\/#website\",\"url\":\"https:\/\/malla-raschel.net\/\",\"name\":\"Malla Raschel\",\"description\":\"Protecci\u00f3n Adecuada de Cultivos\",\"publisher\":{\"@id\":\"https:\/\/malla-raschel.net\/#organization\"},\"potentialAction\":[{\"@type\":\"SearchAction\",\"target\":{\"@type\":\"EntryPoint\",\"urlTemplate\":\"https:\/\/malla-raschel.net\/?s={search_term_string}\"},\"query-input\":{\"@type\":\"PropertyValueSpecification\",\"valueRequired\":true,\"valueName\":\"search_term_string\"}}],\"inLanguage\":\"es\"},{\"@type\":\"Organization\",\"@id\":\"https:\/\/malla-raschel.net\/#organization\",\"name\":\"Malla Raschel\",\"url\":\"https:\/\/malla-raschel.net\/\",\"logo\":{\"@type\":\"ImageObject\",\"inLanguage\":\"es\",\"@id\":\"https:\/\/malla-raschel.net\/#\/schema\/logo\/image\/\",\"url\":\"https:\/\/malla-raschel.net\/wp-content\/uploads\/2023\/04\/cropped-OBAMALLA-fondo-negro.png\",\"contentUrl\":\"https:\/\/malla-raschel.net\/wp-content\/uploads\/2023\/04\/cropped-OBAMALLA-fondo-negro.png\",\"width\":630,\"height\":280,\"caption\":\"Malla Raschel\"},\"image\":{\"@id\":\"https:\/\/malla-raschel.net\/#\/schema\/logo\/image\/\"}},{\"@type\":\"Person\",\"@id\":\"https:\/\/malla-raschel.net\/#\/schema\/person\/4d0011e3414d3e154862069c6b56e0f8\",\"name\":\"editor\",\"image\":{\"@type\":\"ImageObject\",\"inLanguage\":\"es\",\"@id\":\"https:\/\/malla-raschel.net\/#\/schema\/person\/image\/\",\"url\":\"https:\/\/secure.gravatar.com\/avatar\/401d325653dcb5ee339987cf56d3e0360e7c1f1452687d52025653650e459003?s=96&d=mm&r=g\",\"contentUrl\":\"https:\/\/secure.gravatar.com\/avatar\/401d325653dcb5ee339987cf56d3e0360e7c1f1452687d52025653650e459003?s=96&d=mm&r=g\",\"caption\":\"editor\"},\"url\":\"https:\/\/malla-raschel.net\/index.php\/author\/editor\/\"}]}<\/script>\n<!-- \/ Yoast SEO plugin. -->","yoast_head_json":{"title":"Malla-sombra: mi experiencia utiliz\u00e1ndola en clima caluroso. - Malla Raschel","description":"En este texto te cuento cual fue mi experiencia con la implementaci\u00f3n del uso de la malla-sombra en climas donde el sol es muy fuerte.","robots":{"index":"index","follow":"follow","max-snippet":"max-snippet:-1","max-image-preview":"max-image-preview:large","max-video-preview":"max-video-preview:-1"},"canonical":"https:\/\/malla-raschel.net\/index.php\/2017\/05\/12\/mi-experiencia-usando-malla-sombra\/","og_locale":"es_MX","og_type":"article","og_title":"Malla-sombra: mi experiencia utiliz\u00e1ndola en clima caluroso. - Malla Raschel","og_description":"En este texto te cuento cual fue mi experiencia con la implementaci\u00f3n del uso de la malla-sombra en climas donde el sol es muy fuerte.","og_url":"https:\/\/malla-raschel.net\/index.php\/2017\/05\/12\/mi-experiencia-usando-malla-sombra\/","og_site_name":"Malla Raschel","article_published_time":"2017-05-12T22:08:51+00:00","article_modified_time":"2017-06-08T22:18:33+00:00","og_image":[{"width":337,"height":242,"url":"https:\/\/malla-raschel.net\/wp-content\/uploads\/2016\/09\/Malla-Raschel-50.jpg","type":"image\/jpeg"}],"author":"editor","twitter_card":"summary_large_image","twitter_misc":{"Escrito por":"editor","Tiempo de lectura":"3 minutos"},"schema":{"@context":"https:\/\/schema.org","@graph":[{"@type":"Article","@id":"https:\/\/malla-raschel.net\/index.php\/2017\/05\/12\/mi-experiencia-usando-malla-sombra\/#article","isPartOf":{"@id":"https:\/\/malla-raschel.net\/index.php\/2017\/05\/12\/mi-experiencia-usando-malla-sombra\/"},"author":{"name":"editor","@id":"https:\/\/malla-raschel.net\/#\/schema\/person\/4d0011e3414d3e154862069c6b56e0f8"},"headline":"Malla-sombra: mi experiencia utiliz\u00e1ndola en clima caluroso.","datePublished":"2017-05-12T22:08:51+00:00","dateModified":"2017-06-08T22:18:33+00:00","mainEntityOfPage":{"@id":"https:\/\/malla-raschel.net\/index.php\/2017\/05\/12\/mi-experiencia-usando-malla-sombra\/"},"wordCount":669,"commentCount":0,"publisher":{"@id":"https:\/\/malla-raschel.net\/#organization"},"image":{"@id":"https:\/\/malla-raschel.net\/index.php\/2017\/05\/12\/mi-experiencia-usando-malla-sombra\/#primaryimage"},"thumbnailUrl":"https:\/\/malla-raschel.net\/wp-content\/uploads\/2016\/09\/Malla-Raschel-50.jpg","articleSection":["malla raschel","tejido de urdimbre"],"inLanguage":"es","potentialAction":[{"@type":"CommentAction","name":"Comment","target":["https:\/\/malla-raschel.net\/index.php\/2017\/05\/12\/mi-experiencia-usando-malla-sombra\/#respond"]}]},{"@type":"WebPage","@id":"https:\/\/malla-raschel.net\/index.php\/2017\/05\/12\/mi-experiencia-usando-malla-sombra\/","url":"https:\/\/malla-raschel.net\/index.php\/2017\/05\/12\/mi-experiencia-usando-malla-sombra\/","name":"Malla-sombra: mi experiencia utiliz\u00e1ndola en clima caluroso. - Malla Raschel","isPartOf":{"@id":"https:\/\/malla-raschel.net\/#website"},"primaryImageOfPage":{"@id":"https:\/\/malla-raschel.net\/index.php\/2017\/05\/12\/mi-experiencia-usando-malla-sombra\/#primaryimage"},"image":{"@id":"https:\/\/malla-raschel.net\/index.php\/2017\/05\/12\/mi-experiencia-usando-malla-sombra\/#primaryimage"},"thumbnailUrl":"https:\/\/malla-raschel.net\/wp-content\/uploads\/2016\/09\/Malla-Raschel-50.jpg","datePublished":"2017-05-12T22:08:51+00:00","dateModified":"2017-06-08T22:18:33+00:00","description":"En este texto te cuento cual fue mi experiencia con la implementaci\u00f3n del uso de la malla-sombra en climas donde el sol es muy fuerte.","breadcrumb":{"@id":"https:\/\/malla-raschel.net\/index.php\/2017\/05\/12\/mi-experiencia-usando-malla-sombra\/#breadcrumb"},"inLanguage":"es","potentialAction":[{"@type":"ReadAction","target":["https:\/\/malla-raschel.net\/index.php\/2017\/05\/12\/mi-experiencia-usando-malla-sombra\/"]}]},{"@type":"ImageObject","inLanguage":"es","@id":"https:\/\/malla-raschel.net\/index.php\/2017\/05\/12\/mi-experiencia-usando-malla-sombra\/#primaryimage","url":"https:\/\/malla-raschel.net\/wp-content\/uploads\/2016\/09\/Malla-Raschel-50.jpg","contentUrl":"https:\/\/malla-raschel.net\/wp-content\/uploads\/2016\/09\/Malla-Raschel-50.jpg","width":337,"height":242,"caption":"Malla raschel al 50%"},{"@type":"BreadcrumbList","@id":"https:\/\/malla-raschel.net\/index.php\/2017\/05\/12\/mi-experiencia-usando-malla-sombra\/#breadcrumb","itemListElement":[{"@type":"ListItem","position":1,"name":"Inicio","item":"https:\/\/malla-raschel.net\/"},{"@type":"ListItem","position":2,"name":"Malla-sombra: mi experiencia utiliz\u00e1ndola en clima caluroso."}]},{"@type":"WebSite","@id":"https:\/\/malla-raschel.net\/#website","url":"https:\/\/malla-raschel.net\/","name":"Malla Raschel","description":"Protecci\u00f3n Adecuada de Cultivos","publisher":{"@id":"https:\/\/malla-raschel.net\/#organization"},"potentialAction":[{"@type":"SearchAction","target":{"@type":"EntryPoint","urlTemplate":"https:\/\/malla-raschel.net\/?s={search_term_string}"},"query-input":{"@type":"PropertyValueSpecification","valueRequired":true,"valueName":"search_term_string"}}],"inLanguage":"es"},{"@type":"Organization","@id":"https:\/\/malla-raschel.net\/#organization","name":"Malla Raschel","url":"https:\/\/malla-raschel.net\/","logo":{"@type":"ImageObject","inLanguage":"es","@id":"https:\/\/malla-raschel.net\/#\/schema\/logo\/image\/","url":"https:\/\/malla-raschel.net\/wp-content\/uploads\/2023\/04\/cropped-OBAMALLA-fondo-negro.png","contentUrl":"https:\/\/malla-raschel.net\/wp-content\/uploads\/2023\/04\/cropped-OBAMALLA-fondo-negro.png","width":630,"height":280,"caption":"Malla Raschel"},"image":{"@id":"https:\/\/malla-raschel.net\/#\/schema\/logo\/image\/"}},{"@type":"Person","@id":"https:\/\/malla-raschel.net\/#\/schema\/person\/4d0011e3414d3e154862069c6b56e0f8","name":"editor","image":{"@type":"ImageObject","inLanguage":"es","@id":"https:\/\/malla-raschel.net\/#\/schema\/person\/image\/","url":"https:\/\/secure.gravatar.com\/avatar\/401d325653dcb5ee339987cf56d3e0360e7c1f1452687d52025653650e459003?s=96&d=mm&r=g","contentUrl":"https:\/\/secure.gravatar.com\/avatar\/401d325653dcb5ee339987cf56d3e0360e7c1f1452687d52025653650e459003?s=96&d=mm&r=g","caption":"editor"},"url":"https:\/\/malla-raschel.net\/index.php\/author\/editor\/"}]}},"amp_enabled":true,"_links":{"self":[{"href":"https:\/\/malla-raschel.net\/index.php\/wp-json\/wp\/v2\/posts\/31","targetHints":{"allow":["GET"]}}],"collection":[{"href":"https:\/\/malla-raschel.net\/index.php\/wp-json\/wp\/v2\/posts"}],"about":[{"href":"https:\/\/malla-raschel.net\/index.php\/wp-json\/wp\/v2\/types\/post"}],"author":[{"embeddable":true,"href":"https:\/\/malla-raschel.net\/index.php\/wp-json\/wp\/v2\/users\/2"}],"replies":[{"embeddable":true,"href":"https:\/\/malla-raschel.net\/index.php\/wp-json\/wp\/v2\/comments?post=31"}],"version-history":[{"count":16,"href":"https:\/\/malla-raschel.net\/index.php\/wp-json\/wp\/v2\/posts\/31\/revisions"}],"predecessor-version":[{"id":54,"href":"https:\/\/malla-raschel.net\/index.php\/wp-json\/wp\/v2\/posts\/31\/revisions\/54"}],"wp:featuredmedia":[{"embeddable":true,"href":"https:\/\/malla-raschel.net\/index.php\/wp-json\/wp\/v2\/media\/17"}],"wp:attachment":[{"href":"https:\/\/malla-raschel.net\/index.php\/wp-json\/wp\/v2\/media?parent=31"}],"wp:term":[{"taxonomy":"category","embeddable":true,"href":"https:\/\/malla-raschel.net\/index.php\/wp-json\/wp\/v2\/categories?post=31"},{"taxonomy":"post_tag","embeddable":true,"href":"https:\/\/malla-raschel.net\/index.php\/wp-json\/wp\/v2\/tags?post=31"}],"curies":[{"name":"wp","href":"https:\/\/api.w.org\/{rel}","templated":true}]}}